{"id":3446,"date":"2019-11-09T17:46:00","date_gmt":"2019-11-09T16:46:00","guid":{"rendered":"http:\/\/krotka.eu\/?p=3446"},"modified":"2019-12-08T17:49:44","modified_gmt":"2019-12-08T16:49:44","slug":"kadetki-nadal-bez-porazki","status":"publish","type":"post","link":"https:\/\/krotka.eu\/?p=3446","title":{"rendered":"Kadetki nadal bez pora\u017cki"},"content":{"rendered":"\n<p>Dzi\u015b dru\u017cyna naszych kadetek zmierzy\u0142a si\u0119 w meczu rewan\u017cowym z zespo\u0142em Radomki Radom II. Po niezbyt udanym pocz\u0105tku pierwszego seta dziewczyny zmobilizowa\u0142y si\u0119 i od stanu 5:12 zacz\u0119\u0142y stopniowo i systematycznie odrabia\u0107 straty aby ostatecznie zwyci\u0119\u017cy\u0107 zar\u00f3wno w tym jak i pozosta\u0142ych dw\u00f3ch setach. Przywozimy 3 punkty i umacniamy si\u0119 na pozycji lidera w drugiej lidze grupy A.<br>Jak zawsze nie zawiedli nasi wierni kibice Rodzice, dzi\u0119kujemy za pomoc w transporcie i do zobaczenia ju\u017c jutro w Radomiu\ud83d\ude42<\/p>\n\n\n\n<figure class=\"wp-block-image size-large\"><img loading=\"lazy\" width=\"960\" height=\"641\" src=\"http:\/\/krotka.eu\/wp-content\/uploads\/2019\/12\/75481750_1413414998809422_1364651417930825728_n.jpg\" alt=\"\" class=\"wp-image-3449\" srcset=\"https:\/\/krotka.eu\/wp-content\/uploads\/2019\/12\/75481750_1413414998809422_1364651417930825728_n.jpg 960w, https:\/\/krotka.eu\/wp-content\/uploads\/2019\/12\/75481750_1413414998809422_1364651417930825728_n-300x200.jpg 300w, https:\/\/krotka.eu\/wp-content\/uploads\/2019\/12\/75481750_1413414998809422_1364651417930825728_n-768x513.jpg 768w, https:\/\/krotka.eu\/wp-content\/uploads\/2019\/12\/75481750_1413414998809422_1364651417930825728_n-391x260.jpg 391w\" sizes=\"(max-width: 960px) 100vw, 960px\" \/><\/figure>\n\n\n\n<figure class=\"wp-block-image size-large\"><img loading=\"lazy\" width=\"960\" height=\"640\" src=\"http:\/\/krotka.eu\/wp-content\/uploads\/2019\/12\/74632442_1413415058809416_8204139876191305728_n.jpg\" alt=\"\" class=\"wp-image-3448\" srcset=\"https:\/\/krotka.eu\/wp-content\/uploads\/2019\/12\/74632442_1413415058809416_8204139876191305728_n.jpg 960w, https:\/\/krotka.eu\/wp-content\/uploads\/2019\/12\/74632442_1413415058809416_8204139876191305728_n-300x200.jpg 300w, https:\/\/krotka.eu\/wp-content\/uploads\/2019\/12\/74632442_1413415058809416_8204139876191305728_n-768x512.jpg 768w, https:\/\/krotka.eu\/wp-content\/uploads\/2019\/12\/74632442_1413415058809416_8204139876191305728_n-391x260.jpg 391w\" sizes=\"(max-width: 960px) 100vw, 960px\" \/><\/figure>\n\n\n\n<figure class=\"wp-block-image size-large\"><img loading=\"lazy\" width=\"960\" height=\"640\" src=\"http:\/\/krotka.eu\/wp-content\/uploads\/2019\/12\/74601169_1413415102142745_2672371326366253056_n.jpg\" alt=\"\" class=\"wp-image-3447\" srcset=\"https:\/\/krotka.eu\/wp-content\/uploads\/2019\/12\/74601169_1413415102142745_2672371326366253056_n.jpg 960w, https:\/\/krotka.eu\/wp-content\/uploads\/2019\/12\/74601169_1413415102142745_2672371326366253056_n-300x200.jpg 300w, https:\/\/krotka.eu\/wp-content\/uploads\/2019\/12\/74601169_1413415102142745_2672371326366253056_n-768x512.jpg 768w, https:\/\/krotka.eu\/wp-content\/uploads\/2019\/12\/74601169_1413415102142745_2672371326366253056_n-391x260.jpg 391w\" sizes=\"(max-width: 960px) 100vw, 960px\" \/><\/figure>\n","protected":false},"excerpt":{"rendered":"<p>Dzi\u015b dru\u017cyna naszych kadetek zmierzy\u0142a si\u0119 w meczu rewan\u017cowym z zespo\u0142em Radomki Radom II. Po niezbyt udanym pocz\u0105tku pierwszego seta dziewczyny zmobilizowa\u0142y si\u0119 i od stanu 5:12 zacz\u0119\u0142y stopniowo i systematycznie odrabia\u0107 straty aby ostatecznie zwyci\u0119\u017cy\u0107 zar\u00f3wno w tym jak i pozosta\u0142ych dw\u00f3ch setach. Przywozimy 3 punkty i umacniamy si\u0119 na pozycji lidera w drugiej lidze grupy A.Jak zawsze nie zawiedli nasi wierni kibice Rodzice, dzi\u0119kujemy za pomoc w transporcie i do zobaczenia ju\u017c jutro w Radomiu\ud83d\ude42<\/p>\n","protected":false},"author":1,"featured_media":3450,"comment_status":"closed","ping_status":"open","sticky":false,"template":"","format":"standard","meta":[],"categories":[26],"tags":[],"_links":{"self":[{"href":"https:\/\/krotka.eu\/index.php?rest_route=\/wp\/v2\/posts\/3446"}],"collection":[{"href":"https:\/\/krotka.eu\/index.php?rest_route=\/wp\/v2\/posts"}],"about":[{"href":"https:\/\/krotka.eu\/index.php?rest_route=\/wp\/v2\/types\/post"}],"author":[{"embeddable":true,"href":"https:\/\/krotka.eu\/index.php?rest_route=\/wp\/v2\/users\/1"}],"replies":[{"embeddable":true,"href":"https:\/\/krotka.eu\/index.php?rest_route=%2Fwp%2Fv2%2Fcomments&post=3446"}],"version-history":[{"count":1,"href":"https:\/\/krotka.eu\/index.php?rest_route=\/wp\/v2\/posts\/3446\/revisions"}],"predecessor-version":[{"id":3451,"href":"https:\/\/krotka.eu\/index.php?rest_route=\/wp\/v2\/posts\/3446\/revisions\/3451"}],"wp:featuredmedia":[{"embeddable":true,"href":"https:\/\/krotka.eu\/index.php?rest_route=\/wp\/v2\/media\/3450"}],"wp:attachment":[{"href":"https:\/\/krotka.eu\/index.php?rest_route=%2Fwp%2Fv2%2Fmedia&parent=3446"}],"wp:term":[{"taxonomy":"category","embeddable":true,"href":"https:\/\/krotka.eu\/index.php?rest_route=%2Fwp%2Fv2%2Fcategories&post=3446"},{"taxonomy":"post_tag","embeddable":true,"href":"https:\/\/krotka.eu\/index.php?rest_route=%2Fwp%2Fv2%2Ftags&post=3446"}],"curies":[{"name":"wp","href":"https:\/\/api.w.org\/{rel}","templated":true}]}}